{"id":1217,"date":"2026-03-20T10:45:51","date_gmt":"2026-03-20T08:45:51","guid":{"rendered":"https:\/\/fundacionsferrer.org\/?p=1217"},"modified":"2026-05-04T12:42:10","modified_gmt":"2026-05-04T10:42:10","slug":"el-tec-reafirma-el-seu-compromis-social-a-traves-de-lesport-amb-el-projecte-court-to-campus","status":"publish","type":"post","link":"https:\/\/fundacionsferrer.org\/en\/el-tec-reafirma-el-seu-compromis-social-a-traves-de-lesport-amb-el-projecte-court-to-campus\/","title":{"rendered":"The TEC reaffirms its social commitment through sport with the Court to Campus project."},"content":{"rendered":"<p><i data-olk-copy-source=\"MessageBody\">Court to Campus<\/i>\u00a0It follows in the wake of and draws inspiration from the well-established experience of countries such as the United States, Canada and Australia, where sport is institutionalised as a means of accessing the university system, promoting social mobility. This project will be added to the regular activity that the TEC has been developing since its inception as a high-performance centre, where the sporting development of young tennis prospects is linked to their awareness and commitment so that they become spokespeople and role models for various causes related to eco-social justice. In this vein, these players will also be a fundamental part of the new programme, in which they will be involved through various activities.<\/p>\n<div><\/div>\n<p>This<b>\u00a0The new stage of the TEC will be led by Marcos Garzo, who, in addition to having been a professional tennis player, has been associated with Nike for 25 years, where he has held roles of the highest responsibility.<\/b>. He was Vice President and General Manager of Nike's football division in the EMEA and Southern Europe regions for almost 10 years; and he also worked in the marketing area, focusing on Spain, Portugal, and EMEA, for almost 15 years. Garzo was also a co-founder of Sporttips, a start-up created to offer comprehensive health services to athletes, with an emphasis on groups such as Paralympians, practitioners of minority sports, female categories, or amateur athletes who cannot access the same treatments as top-level professionals.<\/p>\n<div><\/div>\n<p>The arrival of Marcos Garzo also coincides with the process of integrating the TEC's activity into the transversal organisational structure of the Ferrer Foundations. We have no doubt that these changes will foster the growth and further consolidation of the TEC as a unique and benchmark project in the defence of eco-social justice through sport.<\/p>","protected":false},"excerpt":{"rendered":"<p>Court to Campus\u00a0segueix l\u2019estela i s\u2019inspira en l\u2019experi\u00e8ncia consolidada de pa\u00efsos com els Estats Units, el Canad\u00e0 o Austr\u00e0lia; on l\u2019esport est\u00e0 institucionalitzat com un instrument d\u2019acc\u00e9s al sistema universitari que promou l\u2019ascensor social. Aquest projecte se sumar\u00e0 a l\u2019activitat regular que el TEC ve desenvolupant des dels seus inicis com a centre d\u2019alt rendiment, [&hellip;]<\/p>\n","protected":false},"author":7,"featured_media":1159,"comment_status":"open","ping_status":"open","sticky":false,"template":"","format":"standard","meta":{"_acf_changed":false,"footnotes":""},"categories":[29],"tags":[],"class_list":["post-1217","post","type-post","status-publish","format-standard","has-post-thumbnail","hentry","category-fundacio-ferrer-talent"],"acf":[],"_links":{"self":[{"href":"https:\/\/fundacionsferrer.org\/en\/wp-json\/wp\/v2\/posts\/1217","targetHints":{"allow":["GET"]}}],"collection":[{"href":"https:\/\/fundacionsferrer.org\/en\/wp-json\/wp\/v2\/posts"}],"about":[{"href":"https:\/\/fundacionsferrer.org\/en\/wp-json\/wp\/v2\/types\/post"}],"author":[{"embeddable":true,"href":"https:\/\/fundacionsferrer.org\/en\/wp-json\/wp\/v2\/users\/7"}],"replies":[{"embeddable":true,"href":"https:\/\/fundacionsferrer.org\/en\/wp-json\/wp\/v2\/comments?post=1217"}],"version-history":[{"count":2,"href":"https:\/\/fundacionsferrer.org\/en\/wp-json\/wp\/v2\/posts\/1217\/revisions"}],"predecessor-version":[{"id":1305,"href":"https:\/\/fundacionsferrer.org\/en\/wp-json\/wp\/v2\/posts\/1217\/revisions\/1305"}],"wp:featuredmedia":[{"embeddable":true,"href":"https:\/\/fundacionsferrer.org\/en\/wp-json\/wp\/v2\/media\/1159"}],"wp:attachment":[{"href":"https:\/\/fundacionsferrer.org\/en\/wp-json\/wp\/v2\/media?parent=1217"}],"wp:term":[{"taxonomy":"category","embeddable":true,"href":"https:\/\/fundacionsferrer.org\/en\/wp-json\/wp\/v2\/categories?post=1217"},{"taxonomy":"post_tag","embeddable":true,"href":"https:\/\/fundacionsferrer.org\/en\/wp-json\/wp\/v2\/tags?post=1217"}],"curies":[{"name":"wp","href":"https:\/\/api.w.org\/{rel}","templated":true}]}}